{"id":471,"date":"2021-09-08T15:59:23","date_gmt":"2021-09-08T19:59:23","guid":{"rendered":"https:\/\/www.pschile.cl\/ddhh\/?p=471"},"modified":"2021-10-04T12:51:40","modified_gmt":"2021-10-04T16:51:40","slug":"sara-de-lourdes-donoso-palacios","status":"publish","type":"post","link":"https:\/\/www.pschile.cl\/ddhh\/sara-de-lourdes-donoso-palacios\/","title":{"rendered":"Sara de Lourdes Donoso Palacios"},"content":{"rendered":"\r\n<p>Sara de Lourdes Donoso Palacios era la mayor de tres hermanos, naci\u00f3 el 11 de febrero de 1959 en Antofagasta y parte de su ni\u00f1ez la pas\u00f3 en Mar\u00eda Elena. Desde peque\u00f1a se sinti\u00f3 atra\u00edda por el arte y la pintura. Luego de cursar sus estudios secundarios en el Liceo de Ni\u00f1as N\u00b0 5, ingres\u00f3 a la carrera de Dise\u00f1o en la Universidad T\u00e9cnica del Estado (UTE), de la que desert\u00f3 luego de un a\u00f1o de estudios. Su decisi\u00f3n, de acuerdo a lo que entonces le coment\u00f3 a su madre, se debi\u00f3 \u201ca la excesiva actividad pol\u00edtica que se hac\u00eda en la UTE\u201d, una situaci\u00f3n que no le dejaba de incomodar, pese a que siempre hab\u00eda manifestado sensibilidad y preocupaci\u00f3n por los temas sociales.<br \/>\u00a0<br \/>Por ello, en 1970, tras un breve per\u00edodo como empleada en el Banco Espa\u00f1ol de Santiago, decidi\u00f3 prepararse para rendir por segunda vez la Prueba de Aptitud Acad\u00e9mica. Con los \u00f3ptimos resultados que obtuvo, decidi\u00f3 matricularse en la Escuela de Enfermer\u00eda de la Universidad de Chile.<br \/>\u00a0<br \/>En las aulas del viejo edificio de la escuela, en calle Za\u00f1artu, fue descubriendo que no pocas de sus compa\u00f1eras ten\u00edan inquietudes parecidas a la suya: vocaci\u00f3n por los cambios sociales y, ahora s\u00ed \u2013en su caso-, muchas ganas de participar, de ser protagonistas activos de su tiempo. En los patios de la escuela conoci\u00f3 a Rosa Sol\u00eds Poveda, una compa\u00f1era de carrera, t\u00edmida y de origen muy modesto, con la que lleg\u00f3 a establecer una entra\u00f1able relaci\u00f3n. Rosa era de izquierda\u00a0 y, de a poco, fue integrando a Sara en las actividades de los alumnos pro Unidad Popular.<br \/>\u00a0<br \/>Una de las alumnas de la Escuela de Enfermer\u00eda de esa promoci\u00f3n, Pilar Planet, hasta hoy rememora con cari\u00f1o a Sara, a quien recuerda como \u201csensible y solidaria, de mucho hablar, con su sonrisa espont\u00e1nea y alegre, detr\u00e1s de su pelo negro y su chasquilla hasta los ojos\u201d.<br \/>\u00a0<br \/><strong>Sumarios en la universidad<\/strong><br \/><br \/>Despu\u00e9s del golpe de Estado, en el marco de una Universidad de Chile intervenida por las nuevas autoridades militares, hubo un verdadero desfile de alumnas y alumnos llamados a declarar, y una larga lista de resultados despu\u00e9s de la \u201cdeclaraci\u00f3n\u201d.<br \/>\u00a0<\/p>\r\n<figure id=\"attachment_580\" aria-describedby=\"caption-attachment-580\" style=\"width: 300px\" class=\"wp-caption alignleft\"><img fetchpriority=\"high\" decoding=\"async\" class=\"wp-image-580 size-medium\" src=\"https:\/\/www.pschile.cl\/ddhh\/wp-content\/uploads\/2021\/09\/sara-donoso-2-300x216.jpg\" alt=\"\" width=\"300\" height=\"216\" srcset=\"https:\/\/www.pschile.cl\/ddhh\/wp-content\/uploads\/2021\/09\/sara-donoso-2-300x216.jpg 300w, https:\/\/www.pschile.cl\/ddhh\/wp-content\/uploads\/2021\/09\/sara-donoso-2-1024x738.jpg 1024w, https:\/\/www.pschile.cl\/ddhh\/wp-content\/uploads\/2021\/09\/sara-donoso-2-768x553.jpg 768w, https:\/\/www.pschile.cl\/ddhh\/wp-content\/uploads\/2021\/09\/sara-donoso-2-1536x1107.jpg 1536w\" sizes=\"(max-width: 300px) 100vw, 300px\" \/><figcaption id=\"caption-attachment-580\" class=\"wp-caption-text\">Sara De Lourdes Donoso Pacheco.<\/figcaption><\/figure>\r\n<p>Sara fue sumariada bajo el inveros\u00edmil cargo de haber sustra\u00eddo unos uniformes y delantales de su escuela, aunque era evidente que eso no era sino parte de la burda excusa para el hostigamiento que se hizo frecuente contra los alumnos, docentes y funcionarios sospechosos de simpatizar con la izquierda. La sancionaron con un a\u00f1o de suspensi\u00f3n de la carrera. \u00a0<br \/>\u00a0<\/p>\r\n<p><br \/>A Rosa, en tanto, las nuevas autoridades de la universidad le cancelaron su matr\u00edcula.<br \/>\u00a0<br \/>Sara logr\u00f3 retomar sus estudios reci\u00e9n en marzo de 1975, mientras que Rosa, imposibilitada de volver a clases, se las ingeniaba como ayudante de enfermer\u00eda de forma independiente. \u00a0<br \/>\u00a0<br \/>Poco despu\u00e9s, ambas comenzaron a laborar en el Consultorio del Servicio Nacional de Salud de Avenida Independencia N\u00ba 134. Sara estaba contenta, porque su trabajo en ese consultorio hab\u00eda sido reconocido como pr\u00e1ctica de internado por su escuela, uno de los requisitos para su titulaci\u00f3n. Aunque Rosa a\u00fan no pod\u00eda retomar sus estudios, compart\u00eda la alegr\u00eda y la ilusi\u00f3n que embargaban a su amiga.<br \/>\u00a0<br \/><strong>En\u00a0 la clandestinidad<\/strong><br \/><br \/>Desde fines del a\u00f1o anterior, Sara y Rosa se hab\u00edan incorporado a colaborar con el PS en la clandestinidad, efectuando funciones en un grupo de apoyo de Carlos Lorca, el ex dirigente de la FECH y ex diputado que form\u00f3 parte de la Direcci\u00f3n Interior Clandestina de ese partido tras el golpe militar. En esas tareas, operaban bajo la orientaci\u00f3n de Carolina Wiff Sep\u00falveda (\u00abMarcela\u00bb), realizando funciones de enlace tanto entre la Comisi\u00f3n Pol\u00edtica del PS como entre \u00e9sta y otros partidos.\u00a0<br \/>\u00a0<br \/>A esas alturas, ambas hab\u00edan decidido abandonar sus hogares, para no comprometer a sus familias. Aura P\u00f3veda, madre de Rosa, indic\u00f3 que Sara y su hija compart\u00edan un peque\u00f1o departamento en el centro de Santiago en el Portal Fern\u00e1ndez Concha, frente a la Plaza de Armas de Santiago. Posteriormente, recuerda, \u201cambas fueron trasladadas a una casa ubicada por Santos Dumont, y luego, casi coincidiendo con la \u00faltima vez que supe de ella, a una vivienda en el sector de Pe\u00f1alol\u00e9n\u201d.<br \/>\u00a0<br \/>Marisol Bravo, que tambi\u00e9n colaboraba con otro de los equipos de apoyo a los clandestinos del PS, conoci\u00f3 a ambas j\u00f3venes hacia fines de enero de 1974: \u201cEllas eran \u201cCecilia\u201d y \u201cCarmen\u201d, las dos bajitas y muy amigas. \u201cCecilia\u201d era de ojos picarescos, carita redonda, simp\u00e1tica, de conversaci\u00f3n f\u00e1cil y risa a flor de labios. \u201cCarmen\u201d, m\u00e1s menuda a\u00fan, ten\u00eda el rostro serio, los ojitos algo achinados y el pelo liso. Era t\u00edmida, pero muy c\u00e1lida\u201d.<br \/>\u00a0<br \/>Con la primera que se relacion\u00f3 fue con \u201cCecilia\u201d. Marisol recuerda que \u201calgo convers\u00e1bamos mientras hac\u00edamos los contactos y as\u00ed me fui enterando que su familia era de derecha, que ten\u00eda un hermano al que amaba mucho, que viv\u00eda clandestina pero se comunicaba peri\u00f3dicamente con su familia para informarles que estaba bien. Luego me present\u00f3 a \u00abCarmen\u00bb. Calcul\u00e9 que viv\u00edan juntas, pero ellas no lo confirmaron. Intu\u00ed un gran afecto entre ambas y pens\u00e9 que podr\u00edan ser compa\u00f1eras de universidad. No se los pregunt\u00e9 directamente. En ese tiempo era necesario saber lo menos posible\u201d, rememora. \u00a0<br \/>\u00a0<br \/>Edith Donoso, otra colaboradora de la Direcci\u00f3n Interior del PS, recuerda que a la casa de seguridad de la calle Chile-Espa\u00f1a -entre N\u00fa\u00f1ez de Arce y Alonso de Ercilla-, en la que estuvieron ocultos un tiempo Lorca y otros altos dirigentes socialistas en la clandestinidad (Exequiel Ponce, Jaime L\u00f3pez y Luis Urtubia) \u201csol\u00edan llegar dos chicas de enfermer\u00eda, una de chasquilla y otra de ojitos achinados, que cumpl\u00edan labores como enlaces y correos de la organizaci\u00f3n\u201d. \u00a0<br \/>\u00a0<br \/>En efecto ambas amigas eran las enlaces de uno de los circuitos de comunicaci\u00f3n entre las direcciones clandestinas del PS y del PC, que se hab\u00eda establecido a trav\u00e9s de Carlos Lorca y Jos\u00e9 Weibel (subsecretario general de las JJCC, miembro de la c\u00fapula del PC y desaparecido desde el 29 de marzo de 1976.)<br \/>\u00a0<br \/>De ese importante y hasta ahora desconocido rol de Sara Donoso y Rosa Sol\u00eds da cuenta Shaira Sep\u00falveda, que precisamente era la contraparte comunista de ambas amigas, y que se relacionaba directamente con Weibel:<br \/>\u00a0<br \/>\u201cEn el a\u00f1o 1975 efectu\u00e9 labores de enlace entre mi partido, el PC, con el dirigente socialista Carlos Lorca. Para estos fines, ten\u00eda contactos con una joven militante del PS, de unos 22 a\u00f1os de edad, de baja estatura y de contextura delgada, que en alguna ocasi\u00f3n, recuerdo, me coment\u00f3 que estudiaba enfermer\u00eda\u201d.<br \/>\u00a0<br \/>Nuestra labor consist\u00eda en fijar puntos para el intercambio de documentaci\u00f3n e informaciones de inter\u00e9s de nuestros respectivos dirigentes\u201d, agrega.<br \/>\u00a0<br \/>A mediados de junio, calculo, ella me dijo que el PS hab\u00eda decidido reemplazarla por otra compa\u00f1era, que seguir\u00eda haciendo sus mismas funciones. Me la present\u00f3, era una chica de unos 20 a 23 a\u00f1os, bajita tambi\u00e9n, de cabello liso, ojos achinados y tambi\u00e9n relacionada con el tema de la enfermer\u00eda\u201d.<br \/>\u00a0<br \/><strong>La ca\u00edda<\/strong><br \/>\u00a0<br \/>La casa de Santos Dumont a la que alud\u00eda la madre de Rosa era en realidad una residencia ubicada en la calle Ju\u00e1rez, casi en la esquina con Avenida La Paz, que el profesor Alberto Galleguillos, otro colaborador de la direcci\u00f3n del PS, hab\u00eda arrendado por petici\u00f3n de \u00e9sta. Seg\u00fan el testimonio de Galleguillos, esa vivienda era una suerte de \u201csegunda casa de seguridad, a la que se trasladaban dirigentes y militantes importantes cuando ca\u00eda alg\u00fan compa\u00f1ero\u201d. \u00a0<br \/>\u00a0<br \/>Galleguillos recuerda que a fines de junio de 1975, tras la ca\u00edda de Ponce, Lorca y Lagos, se decidi\u00f3 una pronta evacuaci\u00f3n de los compa\u00f1eros que en ese instante se ocultaban en la casa de Ju\u00e1rez: \u201cMe correspondi\u00f3 encargarme del traslado urgente de dos muchachas j\u00f3venes, Rosa y Sara, a quienes, con mi hermano, llevamos en su auto a una casa de un ayudista que \u00e9l ten\u00eda en Pe\u00f1alol\u00e9n. Las dos, enteradas de la ca\u00edda de la Direcci\u00f3n Interior, estaban desechas, en muy mal estado an\u00edmico, y en una paup\u00e9rrima situaci\u00f3n econ\u00f3mica\u201d.<br \/>\u00a0<br \/>Marisol Bravo, por esos mismos d\u00edas, tuvo un \u00faltimo contacto con Sara Donoso. \u201cEstaba preocupada, porque ya se sab\u00eda que hab\u00eda ca\u00eddo la Direcci\u00f3n Clandestina. Seg\u00fan ella, hab\u00edan visto a Ricardo Lagos en la Cl\u00ednica Presbiteriana Madre e Hijo -uno de los centros m\u00e9dicos en los que Michelle Pe\u00f1a controlaba su embarazo- y \u00e9l habr\u00eda dado a entender que lo hab\u00edan agarrado. De Michelle ella no sab\u00eda nada. Fijamos un nuevo punto y me dio el tel\u00e9fono de su familia para que yo avisara si es que no llegaba. Lleg\u00f3 el d\u00eda del contacto y el subsiguiente, y \u201cCecilia\u201d no apareci\u00f3\u201d.<br \/>\u00a0<br \/>Alberto Galleguillos, en el intertanto, regres\u00f3 a ver a las dos chicas a la vivienda de Pe\u00f1alol\u00e9n, \u201cpero inexplicablemente, ellas no se encontraban en la casa. Una vecina me coment\u00f3 que la noche anterior, una de ellas hab\u00eda salido acompa\u00f1ada por dos hombres, sin regresar\u201d. \u00a0<br \/>\u00a0<br \/>Shaira Sep\u00falveda, por su parte, se enter\u00f3 en julio del 75 de la ca\u00edda de Carlos Lorca, a trav\u00e9s de Jos\u00e9 Weibel: \u201cPor esos d\u00edas me contact\u00f3 la joven que ahora oficiaba de enlace m\u00edo con el PS, y acordamos juntarnos al d\u00eda siguiente. Nosotros supusimos que tendr\u00eda problemas de infra y de dinero, al haber quedado desconectada de su partido, por lo que el PC decidi\u00f3 que yo fuera a la cita y le proporcionara algo de dinero. Nos juntamos, intercambiamos alguna informaci\u00f3n, y le suger\u00ed que viajara por alg\u00fan tiempo a provincia, para sumergirse.<br \/>\u00a0<br \/>Despu\u00e9s de esa cita en que not\u00e9 su nerviosismo y su falta de apoyo de su estructura partidaria, concurr\u00ed a un nuevo punto que acordamos con ella, que fijamos para el d\u00eda 21 de julio, a las 18:00 horas, en Sucre con Salvador. Cuando llegu\u00e9 al lugar, ella camin\u00f3 hacia m\u00ed y not\u00e9 que quiso advertirme que estaba en una situaci\u00f3n an\u00f3mala. Efectivamente, en cuesti\u00f3n de segundos aparecieron cinco o seis hombres que me redujeron. Al lugar llegaron dos veh\u00edculos, una citroneta color blanco y una camioneta tipo Chevrolet con una lona verde en su parte posterior.<br \/>\u00a0<br \/>A m\u00ed me subieron r\u00e1pidamente a la citroneta y me vendaron los ojos con cinta adhesiva. Despu\u00e9s de una cuantas vueltas, se detuvieron y me cambiaron a la parte posterior de la camioneta Chevrolet, en donde se encontraban las dos chicas enlaces del PS que funcionaban conmigo. En ese momento, la chica de los ojitos achinados me pidi\u00f3 disculpas por lo ocurrido, estaba aterrada. Me dijo que hab\u00eda sido detenida d\u00edas antes, y que su nombre era Rosa. Se notaba que ella y la otra chica, la que se relacionaba conmigo al principio, hab\u00edan sido muy torturadas. Ella tambi\u00e9n me dijo su nombre verdadero: Sara.<br \/>\u00a0<br \/>Al cabo de unos minutos, llegamos a una casa que supuse (y luego confirm\u00e9) era un inmueble ubicado en Jos\u00e9 Domingo Ca\u00f1as. Al llegar, nos bajaron y nos sacaron las vendas. Despu\u00e9s de unas horas, les perd\u00ed el rastro\u201d.<br \/>\u00a0<br \/>Efectivamente, Sara y Rosa fueron trasladadas desde el cuarte Ollague \u2013nombre que la DINA daba al recinto de Jos\u00e9 Domingo Ca\u00f1as- hasta Villa Grimaldi \u2013el cuartel Terranova- en donde funcionaba la Brigada de Inteligencia Metropolitana de la DINA y en donde se hallaban detenidos los miembros de la Direcci\u00f3n Clandestina del PS.<br \/><br \/><strong>Los\u00a0 hechos<\/strong><br \/>\u00a0<br \/>Sara fue secuestrada a las 8:30 horas del 15 de julio de 1975, a la entrada del consultorio en el que se desempe\u00f1aba, desde donde se perdi\u00f3 su rastro. Seg\u00fan algunos testigos \u2013que en su momento no declararon por temor- se sabe que camin\u00f3 con sus aprehensores por Independencia hacia el norte, en donde fue subida a una camioneta.<br \/>\u00a0\u00a0<br \/>El padre de Sara, Juan Donoso Oliva, se enter\u00f3 de su captura a trav\u00e9s de una llamada telef\u00f3nica recibida el mi\u00e9rcoles 16 de julio de 1975, a trav\u00e9s de la cual la enfermera jefe del consultorio preguntaba por ella, se\u00f1alando que no se hab\u00eda presentado a trabajar. Posteriormente, el padre confirmar\u00eda la detenci\u00f3n de su hija por medio de informaciones que le entregaron compa\u00f1eros de trabajo de la joven, que le comentaron que \u201cSara fue tomada por unas personas de civil que la subieron a viva fuerza a una camioneta de la que se ignoran mayores antecedentes\u201d. \u00a0<br \/>\u00a0<br \/>A mediados de julio de 1975, Alberto Galleguillos fue detenido junto a su pareja, Silvia Ugalde. Despu\u00e9s de varios d\u00edas de apremios en Villa Grimaldi, la mujer reconoci\u00f3, en un rinc\u00f3n de la guardia del recinto, a las j\u00f3venes militantes Sara Donoso y Rosa Sol\u00eds. \u201cEstaban sentadas, muy golpeadas, y parec\u00edan protegerse acurruc\u00e1ndose una a la otra. Se ve\u00edan dopadas, y estaban cubiertas por una frazada\u201d.<br \/>\u00a0<br \/>Minutos despu\u00e9s, Silvia fue testigo de un comentario del agente Basclay Zapata, conocido como \u201cEl Troglo\u201d por su brutalidad: Seg\u00fan Ugalde, Zapata estaba muy excitado, y hac\u00eda bromas respecto al aniversario de la Revoluci\u00f3n Cubana. En un minuto, el \u00abTroglo\u00bb mir\u00f3 despectivamente a las dos muchachas y grit\u00f3: \u201c\u00a1ya, estas dos, a celebrar el 26 de julio a Colonia Dignidad!\u201d.<br \/>\u00a0<br \/>Fue la \u00faltima vez que las vi\u00f3.<\/p>\r\n","protected":false},"excerpt":{"rendered":"<p>Sara de Lourdes Donoso Palacios era la mayor de tres hermanos, naci\u00f3 el 11 de febrero de 1959 en Antofagasta y parte de su ni\u00f1ez la pas\u00f3 en Mar\u00eda Elena. Desde peque\u00f1a se sinti\u00f3 atra\u00edda por el arte y la pintura. Luego de cursar sus estudios secundarios en el Liceo de Ni\u00f1as N\u00b0 5, ingres\u00f3 a la carrera de Dise\u00f1o [&hellip;]<\/p>\n","protected":false},"author":1,"featured_media":357,"comment_status":"closed","ping_status":"closed","sticky":false,"template":"","format":"standard","meta":{"footnotes":""},"categories":[5],"tags":[],"class_list":["post-471","post","type-post","status-publish","format-standard","has-post-thumbnail","hentry","category-historias"],"_links":{"self":[{"href":"https:\/\/www.pschile.cl\/ddhh\/wp-json\/wp\/v2\/posts\/471","targetHints":{"allow":["GET"]}}],"collection":[{"href":"https:\/\/www.pschile.cl\/ddhh\/wp-json\/wp\/v2\/posts"}],"about":[{"href":"https:\/\/www.pschile.cl\/ddhh\/wp-json\/wp\/v2\/types\/post"}],"author":[{"embeddable":true,"href":"https:\/\/www.pschile.cl\/ddhh\/wp-json\/wp\/v2\/users\/1"}],"replies":[{"embeddable":true,"href":"https:\/\/www.pschile.cl\/ddhh\/wp-json\/wp\/v2\/comments?post=471"}],"version-history":[{"count":4,"href":"https:\/\/www.pschile.cl\/ddhh\/wp-json\/wp\/v2\/posts\/471\/revisions"}],"predecessor-version":[{"id":583,"href":"https:\/\/www.pschile.cl\/ddhh\/wp-json\/wp\/v2\/posts\/471\/revisions\/583"}],"wp:featuredmedia":[{"embeddable":true,"href":"https:\/\/www.pschile.cl\/ddhh\/wp-json\/wp\/v2\/media\/357"}],"wp:attachment":[{"href":"https:\/\/www.pschile.cl\/ddhh\/wp-json\/wp\/v2\/media?parent=471"}],"wp:term":[{"taxonomy":"category","embeddable":true,"href":"https:\/\/www.pschile.cl\/ddhh\/wp-json\/wp\/v2\/categories?post=471"},{"taxonomy":"post_tag","embeddable":true,"href":"https:\/\/www.pschile.cl\/ddhh\/wp-json\/wp\/v2\/tags?post=471"}],"curies":[{"name":"wp","href":"https:\/\/api.w.org\/{rel}","templated":true}]}}