{"id":4163,"date":"2023-04-27T12:31:17","date_gmt":"2023-04-27T16:31:17","guid":{"rendered":"https:\/\/www.pschile.cl\/piensaenchile\/?p=4163"},"modified":"2023-04-28T13:30:37","modified_gmt":"2023-04-28T17:30:37","slug":"entrevista-a-fondo-christian-suarez","status":"publish","type":"post","link":"https:\/\/www.pschile.cl\/piensaenchile\/entrevista-a-fondo-christian-suarez\/","title":{"rendered":"Christian Su\u00e1rez, candidato a Consejero Constitucional por el Maule: \u00abUna nueva Constituci\u00f3n, nacida en democracia, es el anhelo de millones de chilenos y chilenas\u00bb"},"content":{"rendered":"<p><span style=\"font-weight: 400;\">Christian Su\u00e1rez, candidato a Consejero Constitucional por la Regi\u00f3n del Maule, Circunscripci\u00f3n 9, nos dio sus impresiones respecto a la nueva Constituci\u00f3n.<\/span><\/p>\n<p><span style=\"font-weight: 400;\">Por m\u00e1s de 30 a\u00f1os ha sido profesor de Derecho Constitucional de la carrera Derecho de la Facultad de Ciencias Jur\u00eddicas y Sociales de la Universidad de Talca. <\/span><span style=\"font-weight: 400;\">Fue Intendente de la Regi\u00f3n del Maule (2001-2004). Ejerci\u00f3 como ministro suplente del Tribunal Constitucional de Chile (2010-2017) y durante los \u00faltimos a\u00f1os, a trav\u00e9s de conferencias e investigaci\u00f3n, ha promovido el cambio de la Constituci\u00f3n Pol\u00edtica de Chile.<\/span><\/p>\n<p><span style=\"font-weight: 400;\">\u201cHe promovido el cambio de la Constituci\u00f3n de Chile desde mi etapa universitaria y fue con esta invitaci\u00f3n que tom\u00e9 la decisi\u00f3n final de formalizar una candidatura.<\/span><\/p>\n<p><span style=\"font-weight: 400;\">He conocido las diversas realidades de Chile y por eso estoy comprometido con contribuir para redactar una nueva Constituci\u00f3n nacida en democracia.<\/span><\/p>\n<p><span style=\"font-weight: 400;\">Si bien en la ciudadan\u00eda existe un sentimiento de des\u00e1nimo hacia el sistema pol\u00edtico, es imperativo cambiar la actual Constituci\u00f3n de Pinochet, que no establece un sistema de seguridad social que garantice una pensi\u00f3n digna, que no reconoce el derecho a un trabajo decente, que permite la tercerizaci\u00f3n del trabajo, que mantiene un sistema de salud ineficiente, que no garantiza el derecho de agua como un bien nacional de uso p\u00fablico con uso preferente para el consumo humano y, que no reconoce ni a los pueblos originarios ni el derecho de trato igual para hombres y mujeres. Debemos cambiar esta Constituci\u00f3n ineficiente, que ha bloqueado los cambios que las personas esperan para sustituir al actual Estado subsidiario.\u00a0<\/span><\/p>\n<p><span style=\"font-weight: 400;\">El llamado es a conocer en profundidad a los candidatos, su trayectoria y propuestas. <\/span><span style=\"font-weight: 400;\">El voto es obligatorio, pero el cambio es impostergable.\u00a0<\/span><span style=\"font-weight: 400;\">Los chilenos piensan en Chile, concurrir\u00e1n a votar, ser\u00e1n responsables y no anular\u00e1n el voto, como persigue la estrategia de la derecha, para que nada cambie.\u00a0<\/span><\/p>\n<p><span style=\"font-weight: 400;\">Vamos a poner el acento en los derechos que realmente le importan a la poblaci\u00f3n. Es importante que en la Constituci\u00f3n se establezca un Estado Social de Derecho, donde el Estado sea \u00e1gil y eficiente para atender las demandas de la ciudadan\u00eda.\u00a0<\/span><span style=\"font-weight: 400;\">Para eso, el nuevo texto debe marcar el camino a seguir. <\/span><\/p>\n<p><span style=\"font-weight: 400;\">El objetivo \u00faltimo es alcanzar condiciones de vida digna para todas y todos. <\/span><span style=\"font-weight: 400;\">En este sentido, los ejes principales deben contemplar el derecho a vivir en paz en barrios seguros para todos y todas, sin violencia ni delincuencia, derecho a una atenci\u00f3n de salud digna para todas las chilenas y chilenos, sin exclusi\u00f3n de ning\u00fan tipo. <\/span><span style=\"font-weight: 400;\">Debemos tener, finalmente, una Constituci\u00f3n que garantice un r\u00e9gimen pol\u00edtico de acci\u00f3n p\u00fablica eficaz. <\/span><\/p>\n<p><span style=\"font-weight: 400;\">En este recorrido de campa\u00f1a por las cuatro provincias del Maule, nos hemos encontrado con mucho des\u00e1nimo por el sistema pol\u00edtico, pero sobre todo mucha esperanza por el cambio.<\/span><\/p>\n<p><span style=\"font-weight: 400;\">Una nueva Constituci\u00f3n, nacida en democracia, es el anhelo de millones de chilenos y chilenas.\u00a0 El cambio es un imperativo nacional, hist\u00f3rico, que no podemos desaprovechar\u201d.<\/span><\/p>\n<p>&nbsp;<\/p>\n<p><img decoding=\"async\" class=\"wp-image-4277 alignleft\" src=\"https:\/\/www.pschile.cl\/piensaenchile\/wp-content\/uploads\/2023\/04\/MG_4509-300x187.jpg\" alt=\"\" width=\"302\" height=\"188\" srcset=\"https:\/\/www.pschile.cl\/piensaenchile\/wp-content\/uploads\/2023\/04\/MG_4509-200x125.jpg 200w, https:\/\/www.pschile.cl\/piensaenchile\/wp-content\/uploads\/2023\/04\/MG_4509-300x187.jpg 300w, https:\/\/www.pschile.cl\/piensaenchile\/wp-content\/uploads\/2023\/04\/MG_4509-400x250.jpg 400w, https:\/\/www.pschile.cl\/piensaenchile\/wp-content\/uploads\/2023\/04\/MG_4509-600x375.jpg 600w, https:\/\/www.pschile.cl\/piensaenchile\/wp-content\/uploads\/2023\/04\/MG_4509-768x480.jpg 768w, https:\/\/www.pschile.cl\/piensaenchile\/wp-content\/uploads\/2023\/04\/MG_4509-800x500.jpg 800w, https:\/\/www.pschile.cl\/piensaenchile\/wp-content\/uploads\/2023\/04\/MG_4509-1024x639.jpg 1024w, https:\/\/www.pschile.cl\/piensaenchile\/wp-content\/uploads\/2023\/04\/MG_4509-1200x749.jpg 1200w, https:\/\/www.pschile.cl\/piensaenchile\/wp-content\/uploads\/2023\/04\/MG_4509-1536x959.jpg 1536w\" sizes=\"(max-width: 302px) 100vw, 302px\" \/><img decoding=\"async\" class=\"size-medium wp-image-4276 alignleft\" src=\"https:\/\/www.pschile.cl\/piensaenchile\/wp-content\/uploads\/2023\/04\/MG_4561-1-300x169.jpg\" alt=\"\" width=\"300\" height=\"169\" srcset=\"https:\/\/www.pschile.cl\/piensaenchile\/wp-content\/uploads\/2023\/04\/MG_4561-1-200x113.jpg 200w, https:\/\/www.pschile.cl\/piensaenchile\/wp-content\/uploads\/2023\/04\/MG_4561-1-300x169.jpg 300w, https:\/\/www.pschile.cl\/piensaenchile\/wp-content\/uploads\/2023\/04\/MG_4561-1-400x225.jpg 400w, https:\/\/www.pschile.cl\/piensaenchile\/wp-content\/uploads\/2023\/04\/MG_4561-1-600x338.jpg 600w, https:\/\/www.pschile.cl\/piensaenchile\/wp-content\/uploads\/2023\/04\/MG_4561-1-768x432.jpg 768w, https:\/\/www.pschile.cl\/piensaenchile\/wp-content\/uploads\/2023\/04\/MG_4561-1-800x450.jpg 800w, https:\/\/www.pschile.cl\/piensaenchile\/wp-content\/uploads\/2023\/04\/MG_4561-1-1024x576.jpg 1024w, https:\/\/www.pschile.cl\/piensaenchile\/wp-content\/uploads\/2023\/04\/MG_4561-1-1200x675.jpg 1200w, https:\/\/www.pschile.cl\/piensaenchile\/wp-content\/uploads\/2023\/04\/MG_4561-1-1536x864.jpg 1536w\" sizes=\"(max-width: 300px) 100vw, 300px\" \/><img decoding=\"async\" class=\"size-medium wp-image-4278 alignleft\" src=\"https:\/\/www.pschile.cl\/piensaenchile\/wp-content\/uploads\/2023\/04\/MG_4447-1-300x177.jpg\" alt=\"\" width=\"300\" height=\"177\" srcset=\"https:\/\/www.pschile.cl\/piensaenchile\/wp-content\/uploads\/2023\/04\/MG_4447-1-200x118.jpg 200w, https:\/\/www.pschile.cl\/piensaenchile\/wp-content\/uploads\/2023\/04\/MG_4447-1-300x177.jpg 300w, https:\/\/www.pschile.cl\/piensaenchile\/wp-content\/uploads\/2023\/04\/MG_4447-1-400x236.jpg 400w, https:\/\/www.pschile.cl\/piensaenchile\/wp-content\/uploads\/2023\/04\/MG_4447-1-600x354.jpg 600w, https:\/\/www.pschile.cl\/piensaenchile\/wp-content\/uploads\/2023\/04\/MG_4447-1-768x454.jpg 768w, https:\/\/www.pschile.cl\/piensaenchile\/wp-content\/uploads\/2023\/04\/MG_4447-1-800x472.jpg 800w, https:\/\/www.pschile.cl\/piensaenchile\/wp-content\/uploads\/2023\/04\/MG_4447-1-1024x605.jpg 1024w, https:\/\/www.pschile.cl\/piensaenchile\/wp-content\/uploads\/2023\/04\/MG_4447-1-1200x709.jpg 1200w, https:\/\/www.pschile.cl\/piensaenchile\/wp-content\/uploads\/2023\/04\/MG_4447-1-1536x907.jpg 1536w\" sizes=\"(max-width: 300px) 100vw, 300px\" \/><\/p>\n","protected":false},"excerpt":{"rendered":"<p>Christian Su\u00e1rez, candidato a Consejero Constitucional por la Regi\u00f3n del [&hellip;]<\/p>\n","protected":false},"author":2,"featured_media":4197,"comment_status":"open","ping_status":"open","sticky":false,"template":"","format":"standard","meta":{"footnotes":""},"categories":[17],"tags":[30,24,18,29],"class_list":["post-4163","post","type-post","status-publish","format-standard","has-post-thumbnail","hentry","category-noticias","tag-christian-suarez","tag-consejero-constituyente","tag-nueva-constitucion","tag-region-del-maule"],"_links":{"self":[{"href":"https:\/\/www.pschile.cl\/piensaenchile\/wp-json\/wp\/v2\/posts\/4163","targetHints":{"allow":["GET"]}}],"collection":[{"href":"https:\/\/www.pschile.cl\/piensaenchile\/wp-json\/wp\/v2\/posts"}],"about":[{"href":"https:\/\/www.pschile.cl\/piensaenchile\/wp-json\/wp\/v2\/types\/post"}],"author":[{"embeddable":true,"href":"https:\/\/www.pschile.cl\/piensaenchile\/wp-json\/wp\/v2\/users\/2"}],"replies":[{"embeddable":true,"href":"https:\/\/www.pschile.cl\/piensaenchile\/wp-json\/wp\/v2\/comments?post=4163"}],"version-history":[{"count":8,"href":"https:\/\/www.pschile.cl\/piensaenchile\/wp-json\/wp\/v2\/posts\/4163\/revisions"}],"predecessor-version":[{"id":4279,"href":"https:\/\/www.pschile.cl\/piensaenchile\/wp-json\/wp\/v2\/posts\/4163\/revisions\/4279"}],"wp:featuredmedia":[{"embeddable":true,"href":"https:\/\/www.pschile.cl\/piensaenchile\/wp-json\/wp\/v2\/media\/4197"}],"wp:attachment":[{"href":"https:\/\/www.pschile.cl\/piensaenchile\/wp-json\/wp\/v2\/media?parent=4163"}],"wp:term":[{"taxonomy":"category","embeddable":true,"href":"https:\/\/www.pschile.cl\/piensaenchile\/wp-json\/wp\/v2\/categories?post=4163"},{"taxonomy":"post_tag","embeddable":true,"href":"https:\/\/www.pschile.cl\/piensaenchile\/wp-json\/wp\/v2\/tags?post=4163"}],"curies":[{"name":"wp","href":"https:\/\/api.w.org\/{rel}","templated":true}]}}