{"id":4259,"date":"2023-04-28T13:17:34","date_gmt":"2023-04-28T17:17:34","guid":{"rendered":"https:\/\/www.pschile.cl\/piensaenchile\/?p=4259"},"modified":"2023-04-28T15:23:20","modified_gmt":"2023-04-28T19:23:20","slug":"sadi-melo-candidato-a-consejero-constitucional-por-la-region-metropolitana-nuestra-labor-es-entregar-la-seguridad-a-la-ciudadania-de-que-haremos-cambios-bien-hechos-y-de-manera-responsable","status":"publish","type":"post","link":"https:\/\/www.pschile.cl\/piensaenchile\/sadi-melo-candidato-a-consejero-constitucional-por-la-region-metropolitana-nuestra-labor-es-entregar-la-seguridad-a-la-ciudadania-de-que-haremos-cambios-bien-hechos-y-de-manera-responsable\/","title":{"rendered":"Sadi Melo, candidato a Consejero Constitucional por la Regi\u00f3n Metropolitana: \u00abNuestra labor es entregar la seguridad a la ciudadan\u00eda de que haremos cambios bien hechos y de manera responsable\u00bb"},"content":{"rendered":"<p>Sadi es profesor de castellano de la Universidad T\u00e9cnica del Estado (actual Usach) y tiene estudios de Econom\u00eda en la Universidad de Chile, como posgrados en Urbanismo de la Pontificia Universidad Cat\u00f3lica. Tiene 68 a\u00f1os, est\u00e1 casado con Ana, tambi\u00e9n profesora, y es padre de cuatro hijos. Es candidato por la Regi\u00f3n Metropolitana.<\/p>\n<p>\u00abTengo la experiencia de m\u00e1s de 30 a\u00f1os de gesti\u00f3n municipal, donde junto a un gran equipo, pusimos en marcha pol\u00edticas innovadoras que cambiaron la vida cotidiana de las y los vecinos de El Bosque. S\u00e9 que hay muchos chilenos que no se sintieron incluidos en el proceso anterior, por eso me quise poner a disposici\u00f3n en este nuevo escenario. Porque la Constituci\u00f3n debe ser para todos y todas.<\/p>\n<p>Como sociedad enfrentarnos este segundo proceso con mayor madurez, consensos y con mucho m\u00e1s avance en lo que queremos. Expresi\u00f3n de eso son las 12 bases constitucionales. Por ello, nuestra labor es entregar la seguridad a la ciudadan\u00eda de que haremos cambios bien hechos y de manera responsable.<\/p>\n<p>Destaco el \u00e1nimo que ha tenido hasta el momento la comisi\u00f3n de expertos de acordar lo necesario, con sobriedad, as\u00ed como avanzar en los debates complejos con altura de miras.<\/p>\n<p>Por otro lado, debemos cimentar las bases del empleo decente en esta Constituci\u00f3n, para devolver a las familias la felicidad de poder acceder a trabajos que les permitan llegar a fin de mes. La noche del 4 de septiembre ocurri\u00f3 una derrota importante para nuestras fuerzas. En ese momento dif\u00edcil vi la oportunidad de colaborar con lo que Chile requiere, una nueva Constituci\u00f3n que represente los grandes acuerdos y que traiga mejoras concretas para aquellos chilenos y chilenas m\u00e1s postergados.<\/p>\n<p>Lo importante es generar el inter\u00e9s de las grandes mayor\u00edas, incentivar un voto informado y romper con los sesgos elitarios en los resultados que ten\u00eda el voto voluntario.<\/p>\n<p>Tengo la convicci\u00f3n de que debemos pensar en la vivienda y en la ciudad, para que avancemos en saldar la deuda habitacional y de calidad de vida que tenemos en nuestro pa\u00eds. Es por esto que me la jugar\u00e9 para que esta Constituci\u00f3n considere el derecho a la vivienda preferentemente propia, digna y adecuada, de manera que el Estado promueva, a trav\u00e9s de instituciones p\u00fablicas y privadas, acciones tendientes a la satisfacci\u00f3n progresiva.<\/p>\n<p>Quiero que avancemos hacia una Constituci\u00f3n verde. Durante mis a\u00f1os como alcalde de El Bosque, pude ser testigo de los efectos de un modelo de desarrollo que genera verdaderas zonas de sacrificio en las ciudades, que no considera a las personas ni el medio ambiente. Estamos en medio de una crisis ecol\u00f3gica y eso debemos considerarlo para consagrar un real derecho al medio ambiente sano y equilibrado. A su vez, la lucha por el derecho humano al agua no ha acabado. Tenemos que escribir que es el Estado quien debe velar por su uso razonable y sostenible, y no el mercado.<\/p>\n<p>Busco di\u00e1logo y acuerdos, porque nuestro pa\u00eds debe realizar los cambios institucionales necesarios para dar el salto al desarrollo, donde todas y todos nos sintamos parte del progreso de Chile.<\/p>\n<p>\u201cEquidad territorial y desarrollo sostenible\u201d. Debemos integrar mecanismos institucionales que permitan una transformaci\u00f3n desde la mirada de las personas para desarrollar nuestras ciudades y barrios con dignidad, con un modelo de desarrollo que respete a las personas, comunidades y medioambiente.<\/p>\n<p>En tercer lugar, \u201cSeguridad Ciudadana\u201d, ya que una lucha que dar\u00e9 en el Consejo Constitucional es consagrar el derecho a la seguridad, para que el Estado proteja equitativamente el ejercicio de vivir en entornos seguros y libres de violencia.<\/p>\n<p>En cuarto lugar, \u201cDerechos Sociales\u201d, para lo cual defender\u00e9 con energ\u00eda la consagraci\u00f3n de la educaci\u00f3n, la salud, la seguridad social, la vivienda y la ciudad justa como derechos. El rol del Estado, junto a la colaboraci\u00f3n de la sociedad civil, son necesarios para alcanzar amplios niveles de cobertura y altos est\u00e1ndares de calidad en la provisi\u00f3n de prestaciones sociales.<\/p>\n<p>Finalmente, \u201cFortalecimiento Local\u201d, dado que los municipios son la primera respuesta del Estado frente a las necesidades inmediatas de las personas.<\/p>\n<p>Siento que estamos en un momento de agotamiento y retraimiento luego de la pandemia. Nos cuesta exteriorizar lo que queremos. Venimos de un largo ciclo de movilizaciones sociales que culmina con el estallido social en 2019, donde hablamos de lograr m\u00e1s poder para las regiones, de feminismo, de medioambiente, de salud, de pensiones, de educaci\u00f3n, y, sin embargo, se ha generado frustraci\u00f3n al no lograr los cambios que se esperaban\u00bb.<\/p>\n<p><img decoding=\"async\" class=\"size-medium wp-image-4282 alignleft\" src=\"https:\/\/www.pschile.cl\/piensaenchile\/wp-content\/uploads\/2023\/04\/WhatsApp-Image-2023-04-28-at-15.05.39-2-300x225.jpeg\" alt=\"\" width=\"300\" height=\"225\" srcset=\"https:\/\/www.pschile.cl\/piensaenchile\/wp-content\/uploads\/2023\/04\/WhatsApp-Image-2023-04-28-at-15.05.39-2-200x150.jpeg 200w, https:\/\/www.pschile.cl\/piensaenchile\/wp-content\/uploads\/2023\/04\/WhatsApp-Image-2023-04-28-at-15.05.39-2-300x225.jpeg 300w, https:\/\/www.pschile.cl\/piensaenchile\/wp-content\/uploads\/2023\/04\/WhatsApp-Image-2023-04-28-at-15.05.39-2-400x300.jpeg 400w, https:\/\/www.pschile.cl\/piensaenchile\/wp-content\/uploads\/2023\/04\/WhatsApp-Image-2023-04-28-at-15.05.39-2-600x450.jpeg 600w, https:\/\/www.pschile.cl\/piensaenchile\/wp-content\/uploads\/2023\/04\/WhatsApp-Image-2023-04-28-at-15.05.39-2-768x576.jpeg 768w, https:\/\/www.pschile.cl\/piensaenchile\/wp-content\/uploads\/2023\/04\/WhatsApp-Image-2023-04-28-at-15.05.39-2-800x600.jpeg 800w, https:\/\/www.pschile.cl\/piensaenchile\/wp-content\/uploads\/2023\/04\/WhatsApp-Image-2023-04-28-at-15.05.39-2.jpeg 1024w\" sizes=\"(max-width: 300px) 100vw, 300px\" \/><img decoding=\"async\" class=\"size-medium wp-image-4283 alignleft\" src=\"https:\/\/www.pschile.cl\/piensaenchile\/wp-content\/uploads\/2023\/04\/WhatsApp-Image-2023-04-28-at-15.05.39-4-300x225.jpeg\" alt=\"\" width=\"300\" height=\"225\" srcset=\"https:\/\/www.pschile.cl\/piensaenchile\/wp-content\/uploads\/2023\/04\/WhatsApp-Image-2023-04-28-at-15.05.39-4-200x150.jpeg 200w, https:\/\/www.pschile.cl\/piensaenchile\/wp-content\/uploads\/2023\/04\/WhatsApp-Image-2023-04-28-at-15.05.39-4-300x225.jpeg 300w, https:\/\/www.pschile.cl\/piensaenchile\/wp-content\/uploads\/2023\/04\/WhatsApp-Image-2023-04-28-at-15.05.39-4-400x300.jpeg 400w, https:\/\/www.pschile.cl\/piensaenchile\/wp-content\/uploads\/2023\/04\/WhatsApp-Image-2023-04-28-at-15.05.39-4-600x450.jpeg 600w, https:\/\/www.pschile.cl\/piensaenchile\/wp-content\/uploads\/2023\/04\/WhatsApp-Image-2023-04-28-at-15.05.39-4-768x576.jpeg 768w, https:\/\/www.pschile.cl\/piensaenchile\/wp-content\/uploads\/2023\/04\/WhatsApp-Image-2023-04-28-at-15.05.39-4-800x600.jpeg 800w, https:\/\/www.pschile.cl\/piensaenchile\/wp-content\/uploads\/2023\/04\/WhatsApp-Image-2023-04-28-at-15.05.39-4.jpeg 1024w\" sizes=\"(max-width: 300px) 100vw, 300px\" \/><img decoding=\"async\" class=\"size-medium wp-image-4284 alignleft\" src=\"https:\/\/www.pschile.cl\/piensaenchile\/wp-content\/uploads\/2023\/04\/WhatsApp-Image-2023-04-28-at-15.05.39-5-300x225.jpeg\" alt=\"\" width=\"300\" height=\"225\" srcset=\"https:\/\/www.pschile.cl\/piensaenchile\/wp-content\/uploads\/2023\/04\/WhatsApp-Image-2023-04-28-at-15.05.39-5-200x150.jpeg 200w, https:\/\/www.pschile.cl\/piensaenchile\/wp-content\/uploads\/2023\/04\/WhatsApp-Image-2023-04-28-at-15.05.39-5-300x225.jpeg 300w, https:\/\/www.pschile.cl\/piensaenchile\/wp-content\/uploads\/2023\/04\/WhatsApp-Image-2023-04-28-at-15.05.39-5-400x300.jpeg 400w, https:\/\/www.pschile.cl\/piensaenchile\/wp-content\/uploads\/2023\/04\/WhatsApp-Image-2023-04-28-at-15.05.39-5-600x450.jpeg 600w, https:\/\/www.pschile.cl\/piensaenchile\/wp-content\/uploads\/2023\/04\/WhatsApp-Image-2023-04-28-at-15.05.39-5-768x576.jpeg 768w, https:\/\/www.pschile.cl\/piensaenchile\/wp-content\/uploads\/2023\/04\/WhatsApp-Image-2023-04-28-at-15.05.39-5-800x600.jpeg 800w, https:\/\/www.pschile.cl\/piensaenchile\/wp-content\/uploads\/2023\/04\/WhatsApp-Image-2023-04-28-at-15.05.39-5.jpeg 1024w\" sizes=\"(max-width: 300px) 100vw, 300px\" \/><\/p>\n","protected":false},"excerpt":{"rendered":"<p>Sadi es profesor de castellano de la Universidad T\u00e9cnica del [&hellip;]<\/p>\n","protected":false},"author":2,"featured_media":4281,"comment_status":"open","ping_status":"open","sticky":false,"template":"","format":"standard","meta":{"footnotes":""},"categories":[17],"tags":[24,35,33,32,34],"class_list":["post-4259","post","type-post","status-publish","format-standard","has-post-thumbnail","hentry","category-noticias","tag-consejero-constituyente","tag-el-bosque","tag-region-metropolitana","tag-sadi-melo","tag-santiago"],"_links":{"self":[{"href":"https:\/\/www.pschile.cl\/piensaenchile\/wp-json\/wp\/v2\/posts\/4259","targetHints":{"allow":["GET"]}}],"collection":[{"href":"https:\/\/www.pschile.cl\/piensaenchile\/wp-json\/wp\/v2\/posts"}],"about":[{"href":"https:\/\/www.pschile.cl\/piensaenchile\/wp-json\/wp\/v2\/types\/post"}],"author":[{"embeddable":true,"href":"https:\/\/www.pschile.cl\/piensaenchile\/wp-json\/wp\/v2\/users\/2"}],"replies":[{"embeddable":true,"href":"https:\/\/www.pschile.cl\/piensaenchile\/wp-json\/wp\/v2\/comments?post=4259"}],"version-history":[{"count":3,"href":"https:\/\/www.pschile.cl\/piensaenchile\/wp-json\/wp\/v2\/posts\/4259\/revisions"}],"predecessor-version":[{"id":4285,"href":"https:\/\/www.pschile.cl\/piensaenchile\/wp-json\/wp\/v2\/posts\/4259\/revisions\/4285"}],"wp:featuredmedia":[{"embeddable":true,"href":"https:\/\/www.pschile.cl\/piensaenchile\/wp-json\/wp\/v2\/media\/4281"}],"wp:attachment":[{"href":"https:\/\/www.pschile.cl\/piensaenchile\/wp-json\/wp\/v2\/media?parent=4259"}],"wp:term":[{"taxonomy":"category","embeddable":true,"href":"https:\/\/www.pschile.cl\/piensaenchile\/wp-json\/wp\/v2\/categories?post=4259"},{"taxonomy":"post_tag","embeddable":true,"href":"https:\/\/www.pschile.cl\/piensaenchile\/wp-json\/wp\/v2\/tags?post=4259"}],"curies":[{"name":"wp","href":"https:\/\/api.w.org\/{rel}","templated":true}]}}